{"id":14,"date":"2019-12-29T17:55:49","date_gmt":"2019-12-29T17:55:49","guid":{"rendered":"https:\/\/gwena.active-test.fr\/?p=14"},"modified":"2019-12-29T17:55:49","modified_gmt":"2019-12-29T17:55:49","slug":"14","status":"publish","type":"post","link":"https:\/\/gwena.active-test.fr\/index.php\/2019\/12\/29\/14\/","title":{"rendered":""},"content":{"rendered":"\n<h2 class=\"wp-block-heading\">Enfants<\/h2>\n\n\n\n<p><\/p>\n\n\n\n<div class=\"wp-block-group\"><div class=\"wp-block-group__inner-container is-layout-flow wp-block-group-is-layout-flow\">\n<p>Tous les tableaux sont personnalis\u00e9s et uniques.<\/p>\n\n\n\n<div class=\"wp-block-group\"><div class=\"wp-block-group__inner-container is-layout-flow wp-block-group-is-layout-flow\">\n<p>On peut y inscrire son pr\u00e9nom, sa date de naissance.<\/p>\n\n\n\n<div class=\"wp-block-image is-style-circle-mask\"><figure class=\"alignright\"><img loading=\"lazy\" decoding=\"async\" width=\"352\" height=\"480\" src=\"https:\/\/gwena.active-test.fr\/wp-content\/uploads\/2019\/12\/ours-l\u00e9o.jpg\" alt=\"\" class=\"wp-image-17\" srcset=\"https:\/\/gwena.active-test.fr\/wp-content\/uploads\/2019\/12\/ours-l\u00e9o.jpg 352w, https:\/\/gwena.active-test.fr\/wp-content\/uploads\/2019\/12\/ours-l\u00e9o-220x300.jpg 220w\" sizes=\"auto, (max-width: 352px) 100vw, 352px\" \/><\/figure><\/div>\n\n\n\n<p>Un ou une <strong>enfant<\/strong> est un jeune \u00eatre <a href=\"https:\/\/fr.wikipedia.org\/wiki\/Homo_sapiens\">humain<\/a>, <a href=\"https:\/\/fr.wikipedia.org\/wiki\/Gar%C3%A7on\">gar\u00e7on<\/a> ou <a href=\"https:\/\/fr.wikipedia.org\/wiki\/Fille\">fille<\/a>, en cours de d\u00e9veloppement et <a href=\"https:\/\/fr.wikipedia.org\/wiki\/D%C3%A9pendance_(autonomie)\">d\u00e9pendant<\/a> de ses <a href=\"https:\/\/fr.wikipedia.org\/wiki\/Parent_(famille)\">parents<\/a> ou autres adultes. L&rsquo;<a href=\"https:\/\/fr.wikipedia.org\/wiki\/Organisation_mondiale_de_la_sant%C3%A9\">organisation mondiale de la sant\u00e9<\/a> d\u00e9finit l&rsquo;enfance comme la p\u00e9riode de la vie humaine allant de la <a href=\"https:\/\/fr.wikipedia.org\/wiki\/Naissance\">naissance<\/a>\n \u00e0 18 ans. Cependant la d\u00e9finition de l&rsquo;enfance peut diff\u00e9rer quelque \npeu selon les disciplines qui traitent du sujet. Droit, psychologie, \nm\u00e9decine, biologie ne fixent pas exactement les m\u00eames rep\u00e8res. Ainsi, \nelle commence, soit \u00e0 la <a href=\"https:\/\/fr.wikipedia.org\/wiki\/Naissance\">naissance<\/a>, soit \u00e0 l&rsquo;\u00e2ge de la parole. Elle se termine soit \u00e0 l&rsquo;<a href=\"https:\/\/fr.wikipedia.org\/wiki\/Adolescence\">adolescence<\/a> avec l&rsquo;entr\u00e9e dans la pubert\u00e9, soit \u00e0 l&rsquo;\u00e2ge adulte et \u00e0 l&rsquo;\u00e2ge l\u00e9gal de la <a href=\"https:\/\/fr.wikipedia.org\/wiki\/Majorit%C3%A9_civile\">majorit\u00e9 civile<\/a><sup><a href=\"https:\/\/fr.wikipedia.org\/wiki\/Enfant#cite_note-CNRTL-1\">1<\/a><\/sup>, \u00e2ge l\u00e9galement diff\u00e9rent d&rsquo;un pays \u00e0 l&rsquo;autre. \n<\/p>\n\n\n\n<p>L&rsquo;enfant est \u00e9tudi\u00e9 plus sp\u00e9cifiquement par certaines disciplines comme la p\u00e9diatrie, en m\u00e9decine, et de nombreuses sp\u00e9cialit\u00e9s m\u00e9dicales p\u00e9diatriques comme la <a href=\"https:\/\/fr.wikipedia.org\/wiki\/P%C3%A9dopsychiatrie\">p\u00e9dopsychiatrie<\/a>, la <a href=\"https:\/\/fr.wikipedia.org\/wiki\/Chirurgie_p%C3%A9diatrique\">chirurgie p\u00e9diatrique<\/a>, l&rsquo;<a href=\"https:\/\/fr.wikipedia.org\/wiki\/Cancer_p%C3%A9diatrique\">oncologie p\u00e9diatrique<\/a>, etc. Dans le domaine des sciences humaines, elle est \u00e9tudi\u00e9e par la <a href=\"https:\/\/fr.wikipedia.org\/wiki\/Psychologie_du_d%C3%A9veloppement\">psychologie du d\u00e9veloppement<\/a>, la <a href=\"https:\/\/fr.wikipedia.org\/wiki\/Psychologie_de_l%27enfant\">psychologie de l&rsquo;enfant<\/a> et la <a href=\"https:\/\/fr.wikipedia.org\/wiki\/Psychologie_de_l%27adolescent\">psychologie de l&rsquo;adolescent<\/a>, les <a href=\"https:\/\/fr.wikipedia.org\/wiki\/Sciences_de_l%27%C3%A9ducation\">sciences de l&rsquo;\u00e9ducation<\/a>.  <\/p>\n\n\n\n<p>Le mot enfant d\u00e9signe aussi une position relative \u00e0 un parent, \nind\u00e9pendamment de l&rsquo;\u00e2ge. \u00ab&nbsp;L&rsquo;enfant de&nbsp;\u00bb renvoie alors au statut \ng\u00e9n\u00e9alogique, \u00e0 la filiation l\u00e9gale, ou encore \u00e0 un lien affectif ou \nsocial. \n<\/p>\n\n\n\n<p><\/p>\n<\/div><\/div>\n<\/div><\/div>\n\n\n\n<p><\/p>\n","protected":false},"excerpt":{"rendered":"<p>Enfants Tous les tableaux sont personnalis\u00e9s et uniques. On peut y inscrire son pr\u00e9nom, sa date de naissance. Un ou une enfant est un jeune \u00eatre humain, gar\u00e7on ou fille, en cours de d\u00e9veloppement et[&#8230;]<\/p>\n","protected":false},"author":1,"featured_media":0,"comment_status":"open","ping_status":"closed","sticky":false,"template":"","format":"standard","meta":{"footnotes":""},"categories":[1],"tags":[],"class_list":["post-14","post","type-post","status-publish","format-standard","hentry","category-uncategorized"],"_links":{"self":[{"href":"https:\/\/gwena.active-test.fr\/index.php\/wp-json\/wp\/v2\/posts\/14","targetHints":{"allow":["GET"]}}],"collection":[{"href":"https:\/\/gwena.active-test.fr\/index.php\/wp-json\/wp\/v2\/posts"}],"about":[{"href":"https:\/\/gwena.active-test.fr\/index.php\/wp-json\/wp\/v2\/types\/post"}],"author":[{"embeddable":true,"href":"https:\/\/gwena.active-test.fr\/index.php\/wp-json\/wp\/v2\/users\/1"}],"replies":[{"embeddable":true,"href":"https:\/\/gwena.active-test.fr\/index.php\/wp-json\/wp\/v2\/comments?post=14"}],"version-history":[{"count":2,"href":"https:\/\/gwena.active-test.fr\/index.php\/wp-json\/wp\/v2\/posts\/14\/revisions"}],"predecessor-version":[{"id":25,"href":"https:\/\/gwena.active-test.fr\/index.php\/wp-json\/wp\/v2\/posts\/14\/revisions\/25"}],"wp:attachment":[{"href":"https:\/\/gwena.active-test.fr\/index.php\/wp-json\/wp\/v2\/media?parent=14"}],"wp:term":[{"taxonomy":"category","embeddable":true,"href":"https:\/\/gwena.active-test.fr\/index.php\/wp-json\/wp\/v2\/categories?post=14"},{"taxonomy":"post_tag","embeddable":true,"href":"https:\/\/gwena.active-test.fr\/index.php\/wp-json\/wp\/v2\/tags?post=14"}],"curies":[{"name":"wp","href":"https:\/\/api.w.org\/{rel}","templated":true}]}}